{"id":57,"date":"2023-10-20T18:17:53","date_gmt":"2023-10-20T18:17:53","guid":{"rendered":"https:\/\/martinliut.com.ar\/wordpress\/?p=57"},"modified":"2023-10-22T12:52:12","modified_gmt":"2023-10-22T12:52:12","slug":"libro-1","status":"publish","type":"post","link":"https:\/\/martinliut.com.ar\/wordpress\/?p=57","title":{"rendered":"Libro 1. Lista de temas"},"content":{"rendered":"\n<figure class=\"wp-block-image size-medium\"><img loading=\"lazy\" decoding=\"async\" width=\"300\" height=\"300\" src=\"https:\/\/martinliut.com.ar\/wordpress\/wp-content\/uploads\/2023\/10\/Semillas-libro-1-300x300.jpg\" alt=\"\" class=\"wp-image-65\" srcset=\"https:\/\/martinliut.com.ar\/wordpress\/wp-content\/uploads\/2023\/10\/Semillas-libro-1-300x300.jpg 300w, https:\/\/martinliut.com.ar\/wordpress\/wp-content\/uploads\/2023\/10\/Semillas-libro-1-1024x1024.jpg 1024w, https:\/\/martinliut.com.ar\/wordpress\/wp-content\/uploads\/2023\/10\/Semillas-libro-1-150x150.jpg 150w, https:\/\/martinliut.com.ar\/wordpress\/wp-content\/uploads\/2023\/10\/Semillas-libro-1-768x768.jpg 768w, https:\/\/martinliut.com.ar\/wordpress\/wp-content\/uploads\/2023\/10\/Semillas-libro-1-1536x1536.jpg 1536w, https:\/\/martinliut.com.ar\/wordpress\/wp-content\/uploads\/2023\/10\/Semillas-libro-1.jpg 2048w\" sizes=\"auto, (max-width: 300px) 100vw, 300px\" \/><\/figure>\n\n\n\n<figure class=\"wp-block-table\"><table><tbody><tr><td>1<\/td><td>Marzo (Mates en la ruta)<\/td><\/tr><tr><td>2<\/td><td>Abril (Fog\u00f3n)<\/td><\/tr><tr><td>3<\/td><td>Agosto (Avenidas desiertas)<\/td><\/tr><tr><td>4<\/td><td>Enero (Siesta)<\/td><\/tr><tr><td>5<\/td><td>Septiembre (Urbana)<\/td><\/tr><tr><td>6<\/td><td>Mayo (Franc\u00e9s)<\/td><\/tr><tr><td>7<\/td><td>Julio (En la meseta)<\/td><\/tr><tr><td>8<\/td><td>Noviembre (Montevideo)<\/td><\/tr><tr><td>9<\/td><td>Junio (Sure\u00f1a)<\/td><\/tr><tr><td>10<\/td><td>Octubre (Charly meets Evaristo)<\/td><\/tr><tr><td>11<\/td><td>Febrero (Antes del alba)<\/td><\/tr><tr><td>12<\/td><td>Diciembre (Memoria y balance)<\/td><\/tr><\/tbody><\/table><\/figure>\n","protected":false},"excerpt":{"rendered":"<p>1 Marzo (Mates en la ruta) 2 Abril (Fog\u00f3n) 3 Agosto (Avenidas desiertas) 4 Enero (Siesta) 5 Septiembre (Urbana) 6 Mayo (Franc\u00e9s) 7 Julio (En la meseta) 8 Noviembre (Montevideo) 9 Junio (Sure\u00f1a) 10 Octubre (Charly meets Evaristo) 11 Febrero (Antes del alba) 12 Diciembre (Memoria y balance)<\/p>\n","protected":false},"author":1,"featured_media":65,"comment_status":"closed","ping_status":"closed","sticky":true,"template":"","format":"standard","meta":{"footnotes":""},"categories":[7,8],"tags":[5,6,4],"class_list":["post-57","post","type-post","status-publish","format-standard","has-post-thumbnail","hentry","category-musicas-populares","category-obras","tag-caminos-de-la-milonga","tag-piano","tag-semillas-de-milonga"],"_links":{"self":[{"href":"https:\/\/martinliut.com.ar\/wordpress\/index.php?rest_route=\/wp\/v2\/posts\/57","targetHints":{"allow":["GET"]}}],"collection":[{"href":"https:\/\/martinliut.com.ar\/wordpress\/index.php?rest_route=\/wp\/v2\/posts"}],"about":[{"href":"https:\/\/martinliut.com.ar\/wordpress\/index.php?rest_route=\/wp\/v2\/types\/post"}],"author":[{"embeddable":true,"href":"https:\/\/martinliut.com.ar\/wordpress\/index.php?rest_route=\/wp\/v2\/users\/1"}],"replies":[{"embeddable":true,"href":"https:\/\/martinliut.com.ar\/wordpress\/index.php?rest_route=%2Fwp%2Fv2%2Fcomments&post=57"}],"version-history":[{"count":5,"href":"https:\/\/martinliut.com.ar\/wordpress\/index.php?rest_route=\/wp\/v2\/posts\/57\/revisions"}],"predecessor-version":[{"id":69,"href":"https:\/\/martinliut.com.ar\/wordpress\/index.php?rest_route=\/wp\/v2\/posts\/57\/revisions\/69"}],"wp:featuredmedia":[{"embeddable":true,"href":"https:\/\/martinliut.com.ar\/wordpress\/index.php?rest_route=\/wp\/v2\/media\/65"}],"wp:attachment":[{"href":"https:\/\/martinliut.com.ar\/wordpress\/index.php?rest_route=%2Fwp%2Fv2%2Fmedia&parent=57"}],"wp:term":[{"taxonomy":"category","embeddable":true,"href":"https:\/\/martinliut.com.ar\/wordpress\/index.php?rest_route=%2Fwp%2Fv2%2Fcategories&post=57"},{"taxonomy":"post_tag","embeddable":true,"href":"https:\/\/martinliut.com.ar\/wordpress\/index.php?rest_route=%2Fwp%2Fv2%2Ftags&post=57"}],"curies":[{"name":"wp","href":"https:\/\/api.w.org\/{rel}","templated":true}]}}